{"id":5831,"date":"2022-01-10T11:14:59","date_gmt":"2022-01-10T10:14:59","guid":{"rendered":"https:\/\/nccr-onthemove.ch\/indicators\/?p=5831"},"modified":"2025-09-23T13:53:50","modified_gmt":"2025-09-23T11:53:50","slug":"haben-die-migrantinnen-wegen-covid-19-diskriminierung-erlebt","status":"publish","type":"post","link":"https:\/\/nccr-onthemove.ch\/indicators\/haben-die-migrantinnen-wegen-covid-19-diskriminierung-erlebt\/?lang=de","title":{"rendered":"Haben die Migrant*innen wegen <br>COVID-19 Diskriminierung erlebt?"},"content":{"rendered":"<p>96 % der befragten Migrant*innen haben keine diskriminierende oder unfaire Behandlung aufgrund ihrer Staatsangeh\u00f6rigkeit erfahren. Nur 4 % geben an, eine solche Behandlung erlebt zu haben. Interessanterweise geben Personen asiatischer Herkunft (15 % der 253) verh\u00e4ltnism\u00e4ssig h\u00e4ufiger an, ungerecht behandelt worden zu sein als Personen anderer Herkunft.<\/p>\n<p><a title=\"https:\/\/nccr-onthemove.ch\/indicators\/wie-haben-auslaendische-buergerinnen-die-pandemie-in-der-schweiz-erlebt\/?lang=de\" href=\"https:\/\/nccr-onthemove.ch\/indicators\/wie-haben-auslaendische-buergerinnen-die-pandemie-in-der-schweiz-erlebt\/?lang=de\" target=\"_blank\" rel=\"noopener\">Wie haben ausl\u00e4ndische B\u00fcrger*innen die Pandemie in der Schweiz erlebt?<\/a><\/p>\n<p><a title=\"https:\/\/nccr-onthemove.ch\/indicators\/hat-die-pandemie-die-plaene-in-der-schweiz-zu-bleiben-beeintraechtigt\/?lang=de\" href=\"https:\/\/nccr-onthemove.ch\/indicators\/hat-die-pandemie-die-plaene-in-der-schweiz-zu-bleiben-beeintraechtigt\/?lang=de\" target=\"_blank\" rel=\"noopener\">Hat COVID-19 die Pl\u00e4ne der Migrant*innen, in der Schweiz zu bleiben, beeintr\u00e4chtigt?<\/a><\/p>\n<p><a title=\"https:\/\/nccr-onthemove.ch\/indicators\/welche-auswirkungen-hatte-covid-19-auf-die-berufliche-situation-der-in-der-schweiz-lebenden-auslaenderinnen\/?lang=de\" href=\"https:\/\/nccr-onthemove.ch\/indicators\/welche-auswirkungen-hatte-covid-19-auf-die-berufliche-situation-der-in-der-schweiz-lebenden-auslaenderinnen\/?lang=de\" target=\"_blank\" rel=\"noopener\">Welche Aus\u00adwirkungen hatte COVID-19 auf die berufliche Situation der Migrant*innen?<\/a><\/p>\n<p><a title=\"https:\/\/nccr-onthemove.ch\/indicators\/wo-haben-die-migrantinnen-waehrend-der-pandemie-gelebt\/?lang=de\" href=\"https:\/\/nccr-onthemove.ch\/indicators\/wo-haben-die-migrantinnen-waehrend-der-pandemie-gelebt\/?lang=de\" target=\"_blank\" rel=\"noopener\">Wo haben die Migrant*innen w\u00e4hrend der Pandemie gelebt?<\/a><\/p>\n<p><a title=\"https:\/\/nccr-onthemove.ch\/indicators\/hat-die-lokale-wohnbevoelkerung-emmpathie-gegenueber-den-migrantinnen-gezeigt\/?lang=de\" href=\"https:\/\/nccr-onthemove.ch\/indicators\/hat-die-lokale-wohnbevoelkerung-emmpathie-gegenueber-den-migrantinnen-gezeigt\/?lang=de\" target=\"_blank\" rel=\"noopener\">Haben die Migrant*innen von der lokalen Wohnbev\u00f6lke\u00adrung Empathie erfahren?<\/a><\/p>\n<p>\u2013<\/p>\n<p><strong>Quelle<\/strong>: Migration-Mobility Survey 2020, nccr \u2013 on the move<\/p>\n<p><strong>Hinweis zum Verfahren<\/strong>: Diese Daten stammen aus dem Migration-Mobility Survey, einer im Herbst 2020 durchgef\u00fchrten Umfrage unter im Ausland geborenen ausl\u00e4ndischen Staatsangeh\u00f6rigen, die in den letzten zw\u00f6lf Jahren in die Schweiz eingewandert sind. Um in die Stichprobe aufgenommen zu werden, mussten diese Personen zum Zeitpunkt der Erhebung zwischen 24 und 64 Jahre alt sein und bei ihrer Einreise in die Schweiz mindestens das 18. Altersjahr vollendet haben. 7\u2019393 Personen haben den Fragebogen entweder online oder per Telefon vollst\u00e4ndig beantwortet.<\/p>\n<p><strong>Gestellte Frage:\u00a0<\/strong>Wurden Sie im Zusammenhang mit dem COVID-19 Ausbruch aufgrund Ihrer Nationalit\u00e4t oder Herkunft diskriminiert oder unfair behandelt?<br \/>\n\u2013 Ja<br \/>\n\u2013 Nein<\/p>\n<p><strong>Nutzungsbedingungen<\/strong>: Die Migration-Mobility Indicators werden kostenlos f\u00fcr nichtkommerzielle Zwecke zur Verf\u00fcgung gestellt. Wir bitten die Benutzer*innen um Angabe der Bezugsquelle.<\/p>\n<p><strong>Vorgeschlagene Quellenangabe<\/strong>: nccr \u2013 on the move, Migration-Mobility Indicators. Neuch\u00e2tel: nccr \u2013 on the move, 2022.<\/p>\n<p>F\u00fcr n\u00e4here Informationen zu den verwendeten Datens\u00e4tzen klicken Sie bitte\u00a0<a title=\"https:\/\/nccr-onthemove.ch\/DataManagement\/Inventory.pdf\" href=\"https:\/\/nccr-onthemove.ch\/DataManagement\/Inventory.pdf\" target=\"_blank\" rel=\"noopener\">hier<\/a>.<\/p>\n<p><strong>Letzte Aktualisierung<\/strong>: 10. Januar 2022<\/p>\n","protected":false},"excerpt":{"rendered":"<p>96 % der befragten Migrant*innen haben keine diskriminierende oder unfaire Behandlung aufgrund ihrer Staatsangeh\u00f6rigkeit erfahren. Nur 4 % geben an, eine solche Behandlung erlebt zu haben. Interessanterweise geben Personen asiatischer Herkunft (15 % der 253) verh\u00e4ltnism\u00e4ssig h\u00e4ufiger an, ungerecht behandelt worden zu sein als Personen anderer Herkunft. Wie haben ausl\u00e4ndische<\/p>\n","protected":false},"author":16,"featured_media":0,"comment_status":"open","ping_status":"closed","sticky":false,"template":"","format":"standard","meta":{"_acf_changed":false,"footnotes":""},"categories":[393],"tags":[],"class_list":["post-5831","post","type-post","status-publish","format-standard","hentry","category-covid-19"],"acf":[],"aioseo_notices":[],"_links":{"self":[{"href":"https:\/\/nccr-onthemove.ch\/indicators\/wp-json\/wp\/v2\/posts\/5831","targetHints":{"allow":["GET"]}}],"collection":[{"href":"https:\/\/nccr-onthemove.ch\/indicators\/wp-json\/wp\/v2\/posts"}],"about":[{"href":"https:\/\/nccr-onthemove.ch\/indicators\/wp-json\/wp\/v2\/types\/post"}],"author":[{"embeddable":true,"href":"https:\/\/nccr-onthemove.ch\/indicators\/wp-json\/wp\/v2\/users\/16"}],"replies":[{"embeddable":true,"href":"https:\/\/nccr-onthemove.ch\/indicators\/wp-json\/wp\/v2\/comments?post=5831"}],"version-history":[{"count":14,"href":"https:\/\/nccr-onthemove.ch\/indicators\/wp-json\/wp\/v2\/posts\/5831\/revisions"}],"predecessor-version":[{"id":7043,"href":"https:\/\/nccr-onthemove.ch\/indicators\/wp-json\/wp\/v2\/posts\/5831\/revisions\/7043"}],"wp:attachment":[{"href":"https:\/\/nccr-onthemove.ch\/indicators\/wp-json\/wp\/v2\/media?parent=5831"}],"wp:term":[{"taxonomy":"category","embeddable":true,"href":"https:\/\/nccr-onthemove.ch\/indicators\/wp-json\/wp\/v2\/categories?post=5831"},{"taxonomy":"post_tag","embeddable":true,"href":"https:\/\/nccr-onthemove.ch\/indicators\/wp-json\/wp\/v2\/tags?post=5831"}],"curies":[{"name":"wp","href":"https:\/\/api.w.org\/{rel}","templated":true}]}}