{"id":6089,"date":"2023-02-14T13:59:04","date_gmt":"2023-02-14T12:59:04","guid":{"rendered":"https:\/\/nccr-onthemove.ch\/indicators\/?p=6089"},"modified":"2025-02-02T01:33:44","modified_gmt":"2025-02-02T00:33:44","slug":"wie-wird-die-migration-in-den-medien-dargestellt","status":"publish","type":"post","link":"https:\/\/nccr-onthemove.ch\/indicators\/wie-wird-die-migration-in-den-medien-dargestellt\/?lang=de","title":{"rendered":"Wie wird die Migration in den Medien politisch dargestellt?"},"content":{"rendered":"<p>Die Visualisierung zeigt, wie zwischen 1995 und 2018 in nationalen Zeitungen in sieben westeurop\u00e4ischen L\u00e4ndern die Zuwanderung sowie die Integration von Zugewanderten sowohl politisiert wie auch entpolitisiert wurde.<\/p>\n<p>Die Politisierung wurde anhand von Aussagen (claims) und Gegenaussagen (counter-claims) analysiert, wenn sich ein*e Akteur*in \u00fcber Immigration und Integration \u00e4usserte. Die Daten decken unterschiedliche Aspekte von (Gegen-) Aussagen ab, um reichhaltige Schl\u00fcsse \u00fcber Politisierung zu ziehen:<\/p>\n<p>\u2013<\/p>\n<p>\u2013\u00a0<strong>Ort, <\/strong>an dem eine Aussage ge\u00e4ussert wurde (wann und wo wurde die Aussage gemacht?)<br \/>\n\u2013\u00a0<strong>Akteur*in<\/strong>: Person oder Organisation, die eine Aussage \u00e4usserte (wer machte die Aussage?)<br \/>\n\u2013\u00a0<strong>Berichterstattungsform<\/strong>\u00a0der Aussage (wie gelangte die Aussage in die \u00d6ffentlichkeit?)<br \/>\n\u2013\u00a0<strong>Addressat*in\u00a0<\/strong>der Aussage (an wen war die Aussage gerichtet?)<br \/>\n\u2013\u00a0<strong>Inhalt<\/strong>\u00a0der Aussage (welche Aspekte der Zuwanderung und Integration betraf die Aussage?)<br \/>\n\u2013\u00a0<strong>Objekt\/Betroffene\u00a0<\/strong>der Aussage (wer war von der Behauptung betroffen: f\u00fcr oder gegen wen richtete sich die Aussage?)<br \/>\n\u2013\u00a0<strong>Begr\u00fcndung\u00a0<\/strong>der Aussage (wieso sollte aufgrund der Aussage gehandelt werden?)<\/p>\n<p>Die gemessene Politisierung beinhaltet drei Aspekte:<\/p>\n<p><strong>\u2013 Polarisierung<\/strong>: In welchem Mass sich die Meinungen der Akteur*innen bez\u00fcglich Zuwanderung und\/oder die Integration von Zugewanderten unterscheiden.<br \/>\n\u2013 <strong>Position<\/strong>: Ob die Akteur*innen f\u00fcr oder gegen Immigration und\/oder die Integration von Zugewanderten sind.<br \/>\n\u2013 <strong>Rahmung<\/strong>: Die Art und Weise, wie die Akteure ihre Behauptung in Bezug auf die Zuwanderung und\/oder die Integration von Eingewanderten und\/oder formulieren.<\/p>\n<p>Entgegen der verbreiteten Meinung war die Debatte in der europ\u00e4ischen Tagespresse \u00fcber Zuwanderung und die Integration von Eingewanderten\u00a0<strong>nicht stark polarisiert<\/strong>\u00a0und in den letzten zwei Jahrzehnten konnte kein eindeutiger Trend zu mehr Polarisierung festgestellt werden.<\/p>\n<p>Was die\u00a0<strong>Position<\/strong>\u00a0der Akteur*innen betrifft, so war die Mediendiskussion \u00fcber Einwanderung und Integration in Westeuropa insgesamt von Aussagen dominiert, die sich\u00a0<strong>leicht positiv<\/strong>\u00a0auf Zugewanderte und ihre Nachkommen auswirken k\u00f6nnten (in der Visualisierung in Blaut\u00f6nen dargestellt). Hinter dieser Gesamtdarstellung von Immigration und Integration verbergen sich grosse Unterschiede in der Darstellung von Zugewanderten durch verschiedene Akteur*innen und in unterschiedlichen Kontexten.<\/p>\n<p>Was die\u00a0<strong>Rahmung<\/strong>\u00a0betrifft, so waren\u00a0<strong>instrumentelle Rechtfertigungen<\/strong>\u00a0h\u00e4ufiger als moralische Grunds\u00e4tze, aber instrumentelle Rechtfertigungen von Regierungsakteur*innen und politischen Parteien standen eher mit einer negativen Position in Verbindung, w\u00e4hrend moralische Grunds\u00e4tze eher mit einer positiven Position einher gingen.<\/p>\n<p><a title=\"https:\/\/nccr-onthemove.ch\/indicators\/ist-die-medienberichterstattung-in-europa-fuer-oder-gegen-migration\/?lang=de\" href=\"https:\/\/nccr-onthemove.ch\/indicators\/ist-die-medienberichterstattung-in-europa-fuer-oder-gegen-migration\/?lang=de\" target=\"_blank\" rel=\"noopener\">Berichten Europas Medien positiv oder negativ \u00fcber Migration?<\/a><\/p>\n<p>\u2013<\/p>\n<p><strong><span lang=\"EN-GB\">Quelle<\/span><\/strong><span lang=\"EN-GB\">: Die Daten stammen von\u00a0 1995 bis 2009 von FP7 Projekt\u00a0<a title=\"http:\/\/www.som-project.eu\/\" href=\"http:\/\/www.som-project.eu\/\" target=\"_blank\" rel=\"noopener\">Support and Opposition to Migration (SOM)<\/a> und stehen auf\u00a0<a title=\"https:\/\/doi.org\/10.7910\/DVN\/IEKX8U\" href=\"https:\/\/doi.org\/10.7910\/DVN\/IEKX8U\" target=\"_blank\" rel=\"noopener\">Harvard Dataverse<\/a>\u00a0zur Verf\u00fcgung. Die Daten von 2010 bis 2018 sind zudem auf\u00a0<a title=\"https:\/\/zenodo.org\/record\/4327120\" href=\"https:\/\/zenodo.org\/record\/4327120\" target=\"_blank\" rel=\"noopener\">Zenodo<\/a>\u00a0gespeichert.\u00a0<\/span><\/p>\n<p><strong>Datenerhebung und Codierung<\/strong> der Daten von 2010 to 2018: Leslie Ader, Marco Bitschnau, Marilyn Ducommun, Cheryl Kwok, Julie Mancini, Oriana Polero Cardoso, Margaux Quadroni, Manon Reith, Didier Ruedin, Lora Zanasco.<\/p>\n<p><span lang=\"EN-GB\"><strong>Hinweis zum Verfahren<\/strong>: Die Beschreibung des Aufbaus der claims-making-Methodologie basiert auf\u00a0<a title=\"https:\/\/doi.org\/10.17813\/maiq.4.2.d7593370607l6756\" href=\"https:\/\/doi.org\/10.17813\/maiq.4.2.d7593370607l6756\" target=\"_blank\" rel=\"noopener\">Koopmans and Statham (1999)<\/a>,\u00a0<a title=\"https:\/\/www.upress.umn.edu\/book-division\/books\/contested-citizenship\" href=\"https:\/\/www.upress.umn.edu\/book-division\/books\/contested-citizenship\" target=\"_blank\" rel=\"noopener\">Koopmans et al. (2005)<\/a>\u00a0und\u00a0<a title=\"https:\/\/doi.org\/10.4324\/9781315723303\" href=\"https:\/\/doi.org\/10.4324\/9781315723303\" target=\"_blank\" rel=\"noopener\">Van der Brug et al. (2015)<\/a>.\u00a0<\/span><\/p>\n<p><strong><span lang=\"EN-GB\">Nutzungsbedingungen: <\/span><\/strong><span lang=\"EN-GB\">Die Migration-Mobility Indicators werden kostenlos f\u00fcr nichtkommerzielle Zwecke zur Verf\u00fcgung gestellt. Wir bitten die Benutzer*innen um Angabe der Bezugsquelle<\/span><span lang=\"EN-GB\">.<\/span><\/p>\n<p><strong><span lang=\"EN-GB\">Vorgeschlagene Quellenangabe:<\/span><\/strong><span lang=\"EN-GB\"> nccr \u2013 on the move, Migration-Mobility Indicators. Neuch\u00e2tel: nccr \u2013 on the move, 2023.<\/span><\/p>\n<p><strong>Datenvisualisierung<\/strong>: Andreas Perret<\/p>\n<p><strong><span lang=\"EN-GB\">Letztes Update:<\/span><\/strong><span lang=\"EN-GB\"> 14. Februar 2023<\/span><\/p>\n","protected":false},"excerpt":{"rendered":"<p>Die Visualisierung zeigt, wie zwischen 1995 und 2018 in nationalen Zeitungen in sieben westeurop\u00e4ischen L\u00e4ndern die Zuwanderung sowie die Integration von Zugewanderten sowohl politisiert wie auch entpolitisiert wurde. Die Politisierung wurde anhand von Aussagen (claims) und Gegenaussagen (counter-claims) analysiert, wenn sich ein*e Akteur*in \u00fcber Immigration und Integration \u00e4usserte. Die Daten<\/p>\n","protected":false},"author":16,"featured_media":0,"comment_status":"open","ping_status":"closed","sticky":false,"template":"","format":"standard","meta":{"_acf_changed":false,"footnotes":""},"categories":[396],"tags":[],"class_list":["post-6089","post","type-post","status-publish","format-standard","hentry","category-media-de"],"acf":[],"aioseo_notices":[],"_links":{"self":[{"href":"https:\/\/nccr-onthemove.ch\/indicators\/wp-json\/wp\/v2\/posts\/6089","targetHints":{"allow":["GET"]}}],"collection":[{"href":"https:\/\/nccr-onthemove.ch\/indicators\/wp-json\/wp\/v2\/posts"}],"about":[{"href":"https:\/\/nccr-onthemove.ch\/indicators\/wp-json\/wp\/v2\/types\/post"}],"author":[{"embeddable":true,"href":"https:\/\/nccr-onthemove.ch\/indicators\/wp-json\/wp\/v2\/users\/16"}],"replies":[{"embeddable":true,"href":"https:\/\/nccr-onthemove.ch\/indicators\/wp-json\/wp\/v2\/comments?post=6089"}],"version-history":[{"count":11,"href":"https:\/\/nccr-onthemove.ch\/indicators\/wp-json\/wp\/v2\/posts\/6089\/revisions"}],"predecessor-version":[{"id":6873,"href":"https:\/\/nccr-onthemove.ch\/indicators\/wp-json\/wp\/v2\/posts\/6089\/revisions\/6873"}],"wp:attachment":[{"href":"https:\/\/nccr-onthemove.ch\/indicators\/wp-json\/wp\/v2\/media?parent=6089"}],"wp:term":[{"taxonomy":"category","embeddable":true,"href":"https:\/\/nccr-onthemove.ch\/indicators\/wp-json\/wp\/v2\/categories?post=6089"},{"taxonomy":"post_tag","embeddable":true,"href":"https:\/\/nccr-onthemove.ch\/indicators\/wp-json\/wp\/v2\/tags?post=6089"}],"curies":[{"name":"wp","href":"https:\/\/api.w.org\/{rel}","templated":true}]}}