{"id":6097,"date":"2022-02-15T15:26:03","date_gmt":"2022-02-15T14:26:03","guid":{"rendered":"https:\/\/nccr-onthemove.ch\/indicators\/?p=6097"},"modified":"2025-02-02T01:34:11","modified_gmt":"2025-02-02T00:34:11","slug":"ist-die-medienberichterstattung-in-europa-fuer-oder-gegen-migration","status":"publish","type":"post","link":"https:\/\/nccr-onthemove.ch\/indicators\/ist-die-medienberichterstattung-in-europa-fuer-oder-gegen-migration\/?lang=de","title":{"rendered":"Berichten Europas Medien positiv oder negativ \u00fcber Migration?"},"content":{"rendered":"<p>Die Visualisierung zeigt, wie zwischen 1995 und 2018 in nationalen Zeitungen in sieben westeurop\u00e4ischen L\u00e4ndern \u00fcber Zuwanderung sowie die Integration von Zugewanderten berichtet, diskutiert und debattiert wurde. Ber\u00fccksichtigt wurden die Positionen von vier Akteur*innen: dem Staat, politischen Parteien, Organisationen der Zivilgesellschaft und den Medien.<\/p>\n<p>Die Position der Akteur*innen in den Medien wurde auf der Grundlage von Aussagen (claims) und Gegenaussagen (counter-claims) analysiert, wenn sich ein*e Akteur*in \u00fcber Immigration und Integration \u00e4usserte. Als Aussage definiert wurden eine zielgerichtete \u00f6ffentliche Artikulation einer politischen Forderung, ein Aufruf zum Handeln, Kritik, ein Vorschlag oder eine physische Aktion, die tats\u00e4chlich oder potenziell Zugewanderte betreffen. Die Daten beinhalten verschiedene Aspekte einer (Gegen-)Aussage:<\/p>\n<p>\u2013\u00a0<strong>Ort, <\/strong>an dem eine Aussage ge\u00e4ussert wurde (wann und wo wurde die Aussage gemacht?)<br \/>\n\u2013\u00a0<strong>Akteur*in<\/strong>: Person oder Organisation, die eine Aussage \u00e4usserte (wer machte die Aussage?)<br \/>\n\u2013\u00a0<strong>Berichterstattungsform<\/strong>\u00a0der Aussage (wie gelangte die Aussage in die \u00d6ffentlichkeit?)<br \/>\n\u2013\u00a0<strong>Addressat*in\u00a0<\/strong>der Aussage (an wen war die Aussage gerichtet?)<br \/>\n\u2013\u00a0<strong>Inhalt<\/strong>\u00a0der Aussage (welche Aspekte der Zuwanderung und Integration betraf die Aussage?)<br \/>\n\u2013\u00a0<strong>Objekt\/Betroffene\u00a0<\/strong>der Aussage (wer war von der Aussage betroffen: f\u00fcr oder gegen wen richtete sich die Aussage?)<br \/>\n\u2013\u00a0<strong>Begr\u00fcndung\u00a0<\/strong>der Aussage (wieso sollte aufgrund der Aussage gehandelt werden?)<\/p>\n<p>Die Medienberichterstattung \u00fcber Zuwanderung und Integration in Westeuropa\u00a0<strong>umfasst verschiedene Arten von Akteur*innen<\/strong>.\u00a0<strong>Nationale Regierungen und politische Parteien<\/strong> waren die wichtigsten in der \u00f6ffentlichen Debatte. Im Gegensatz dazu spielten ausserparteiliche, explizit einwanderungsfeindliche Stimmen in der europ\u00e4ischen Tagespresse nur eine marginale Rolle: Nur sehr wenige ihrer Aussagen werden in den Zeitungen wiedergegeben.<\/p>\n<p>Insgesamt wurde die Debatte \u00fcber Zuwanderung und Integration in der westeurop\u00e4ischen Tagespresse von Aussagen dominiert, die sich\u00a0<strong>leicht positiv<\/strong>\u00a0auf Zugewanderte und ihre Nachkommen auswirken k\u00f6nnen (in der Visualisierung in Blaut\u00f6nen dargestellt). Hinter dieser Gesamtdarstellung von Immigration und Integration verbergen sich grosse Unterschiede in der Darstellung von Zugewanderten durch verschiedene Akteur*innen und in unterschiedlichen Kontexten.<\/p>\n<p>W\u00e4hrend sich staatliche Akteur*innen und die Justiz eher positiv \u00fcber die Integration von Zugewanderten \u00e4usserten, neigten sie dazu, negative Aussagen \u00fcber Immigration an sich zu machen, insbesondere \u00fcber Personen, die versuchen, das Land zu erreichen. Die negativsten Aussagen in diesem Zusammenhang betrafen die Sorge um Sicherheit und Kriminalit\u00e4t. Politische Parteien und Mitglieder der Legislative \u00e4usserten sich zudem besorgt \u00fcber Sicherheit und Kriminalit\u00e4t in Bezug auf bereits im Land befindliche Zugewanderte.<\/p>\n<p><a href=\"\/indicators?p=6089&amp;lang=de\" target=\"_blank\" rel=\"noopener\">Wie wird die Migration in den Medien politisch dargestellt?<\/a><\/p>\n<p>\u2013<\/p>\n<p><strong><span lang=\"EN-GB\">Quelle<\/span><\/strong><span lang=\"EN-GB\">: Die Daten beziehen sich auf den Zeitraum von 1995 bis 2009, stammen vom FP7-Projekt\u00a0<a href=\"http:\/\/www.som-project.eu\/\">Support and Opposition to Migration (SOM)<\/a> und stehen auf\u00a0<a href=\"https:\/\/doi.org\/10.7910\/DVN\/IEKX8U\">Harvard Dataverse<\/a>\u00a0zur Verf\u00fcgung. Die Daten von 2010 bis 2018 sind zudem auf\u00a0<a href=\"https:\/\/zenodo.org\/record\/4327120\">Zenodo<\/a> gespeichert.\u00a0<\/span><\/p>\n<p><strong>Datenerhebung und Codierung<\/strong> der Daten von 2010 bis 2018: Leslie Ader, Marco Bitschnau, Marilyn Ducommun, Cheryl Kwok, Julie Mancini, Oriana Polero Cardoso, Margaux Quadroni, Manon Reith, Didier Ruedin und Lora Zanasco.<\/p>\n<p><span lang=\"EN-GB\"><strong>Hinweis zum Verfahren<\/strong>: Die Beschreibung des Aufbaus der claims-making-Methodologie basiert auf\u00a0<a href=\"https:\/\/doi.org\/10.17813\/maiq.4.2.d7593370607l6756\">Koopmans and Statham (1999)<\/a>,\u00a0<a href=\"https:\/\/cdcshoppingcart.uchicago.edu\/Cart\/ChicagoBook?ISBN=9780816646623\">Koopmans et al. (2005)<\/a>\u00a0und\u00a0<a href=\"https:\/\/doi.org\/10.4324\/9781315723303\">Van der Brug et al. (2015)<\/a>.\u00a0<\/span><\/p>\n<p><strong><span lang=\"EN-GB\">Nutzungsbedingungen: <\/span><\/strong><span lang=\"EN-GB\">Die Migration-Mobility Indicators werden kostenlos f\u00fcr nichtkommerzielle Zwecke zur Verf\u00fcgung gestellt. Wir bitten die Benutzer*innen um Angabe der Bezugsquelle.<\/span><\/p>\n<p><strong><span lang=\"EN-GB\">Vorgeschlagene Quellenangabe:<\/span><\/strong><span lang=\"EN-GB\"> nccr \u2013 on the move, Migration-Mobility Indicators. Neuch\u00e2tel: nccr \u2013 on the move, 2023.<\/span><\/p>\n<p><strong>Datenvisualisierung<\/strong>: Andreas Perret<\/p>\n<p><strong><span lang=\"EN-GB\">Letztes Update:<\/span><\/strong><span lang=\"EN-GB\"> 14. Februar 2023<\/span><\/p>\n","protected":false},"excerpt":{"rendered":"<p>Die Visualisierung zeigt, wie zwischen 1995 und 2018 in nationalen Zeitungen in sieben westeurop\u00e4ischen L\u00e4ndern \u00fcber Zuwanderung sowie die Integration von Zugewanderten berichtet, diskutiert und debattiert wurde. Ber\u00fccksichtigt wurden die Positionen von vier Akteur*innen: dem Staat, politischen Parteien, Organisationen der Zivilgesellschaft und den Medien. Die Position der Akteur*innen in den<\/p>\n","protected":false},"author":16,"featured_media":0,"comment_status":"open","ping_status":"closed","sticky":false,"template":"","format":"standard","meta":{"_acf_changed":false,"footnotes":""},"categories":[396],"tags":[],"class_list":["post-6097","post","type-post","status-publish","format-standard","hentry","category-media-de"],"acf":[],"aioseo_notices":[],"_links":{"self":[{"href":"https:\/\/nccr-onthemove.ch\/indicators\/wp-json\/wp\/v2\/posts\/6097","targetHints":{"allow":["GET"]}}],"collection":[{"href":"https:\/\/nccr-onthemove.ch\/indicators\/wp-json\/wp\/v2\/posts"}],"about":[{"href":"https:\/\/nccr-onthemove.ch\/indicators\/wp-json\/wp\/v2\/types\/post"}],"author":[{"embeddable":true,"href":"https:\/\/nccr-onthemove.ch\/indicators\/wp-json\/wp\/v2\/users\/16"}],"replies":[{"embeddable":true,"href":"https:\/\/nccr-onthemove.ch\/indicators\/wp-json\/wp\/v2\/comments?post=6097"}],"version-history":[{"count":13,"href":"https:\/\/nccr-onthemove.ch\/indicators\/wp-json\/wp\/v2\/posts\/6097\/revisions"}],"predecessor-version":[{"id":6939,"href":"https:\/\/nccr-onthemove.ch\/indicators\/wp-json\/wp\/v2\/posts\/6097\/revisions\/6939"}],"wp:attachment":[{"href":"https:\/\/nccr-onthemove.ch\/indicators\/wp-json\/wp\/v2\/media?parent=6097"}],"wp:term":[{"taxonomy":"category","embeddable":true,"href":"https:\/\/nccr-onthemove.ch\/indicators\/wp-json\/wp\/v2\/categories?post=6097"},{"taxonomy":"post_tag","embeddable":true,"href":"https:\/\/nccr-onthemove.ch\/indicators\/wp-json\/wp\/v2\/tags?post=6097"}],"curies":[{"name":"wp","href":"https:\/\/api.w.org\/{rel}","templated":true}]}}