{"id":6130,"date":"2022-02-28T13:20:45","date_gmt":"2022-02-28T12:20:45","guid":{"rendered":"https:\/\/nccr-onthemove.ch\/indicators\/?p=6130"},"modified":"2025-09-23T14:02:05","modified_gmt":"2025-09-23T12:02:05","slug":"les-personnes-migrantes-ont-elles-ete-victimes-de-discrimination-en-raison-de-lepidemie-de-covid-19","status":"publish","type":"post","link":"https:\/\/nccr-onthemove.ch\/indicators\/les-personnes-migrantes-ont-elles-ete-victimes-de-discrimination-en-raison-de-lepidemie-de-covid-19\/?lang=fr","title":{"rendered":"Les migrant\u00b7e\u00b7s ont-ils\/elles \u00e9t\u00e9 victimes de discrimination en raison de l\u2019\u00e9pid\u00e9mie ?"},"content":{"rendered":"<div>\n<p><span lang=\"FR-CH\">96 % des personnes migrantes interrog\u00e9es estiment qu\u2019elles n\u2019ont pas subi de traitement discriminatoire ou injuste en raison de leur nationalit\u00e9. Seuls 4 % d\u00e9clarent avoir subi un tel traitement. Il est int\u00e9ressant de noter que les personnes d\u2019origine asiatique (15% des 253) d\u00e9clarent avoir subi proportionnellement plus de traitements injustes que les personnes d&#8217;autres origines.<\/span><\/p>\n<\/div>\n<p><a title=\"https:\/\/nccr-onthemove.ch\/indicators\/la-pandemie-a-t-elle-affecte-leurs-projets-de-sejour-en-suisse\/?lang=fr\" href=\"https:\/\/nccr-onthemove.ch\/indicators\/la-pandemie-a-t-elle-affecte-leurs-projets-de-sejour-en-suisse\/?lang=fr\" target=\"_blank\" rel=\"noopener\">La pand\u00e9mie a-t-elle affect\u00e9 les projets de s\u00e9jour en Suisse des personnes immigr\u00e9es ?<\/a><\/p>\n<p><a title=\"https:\/\/nccr-onthemove.ch\/indicators\/quel-a-ete-limpact-de-covid-19-sur-la-situation-professionnelle-des-migrant%c2%b7e%c2%b7s\/?lang=fr\" href=\"https:\/\/nccr-onthemove.ch\/indicators\/quel-a-ete-limpact-de-covid-19-sur-la-situation-professionnelle-des-migrant%c2%b7e%c2%b7s\/?lang=fr\" target=\"_blank\" rel=\"noopener\">Quel a \u00e9t\u00e9 l\u2019impact du COVID-19 sur la situation professionnelle des personnes immigr\u00e9es ?<\/a><\/p>\n<p><a title=\"https:\/\/nccr-onthemove.ch\/indicators\/les-residents-locaux-ont-ils-fait-preuve-dempathie-envers-les-migrant%c2%b7e%c2%b7s\/?lang=fr\" href=\"https:\/\/nccr-onthemove.ch\/indicators\/les-residents-locaux-ont-ils-fait-preuve-dempathie-envers-les-migrant%c2%b7e%c2%b7s\/?lang=fr\" target=\"_blank\" rel=\"noopener\">Les r\u00e9sidents locaux ont-ils fait preuve d\u2019empathie envers les personnes immigr\u00e9\u00b7e\u00b7s ?<\/a><\/p>\n<p>\u2013<\/p>\n<p><strong>Sources<\/strong> : Enqu\u00eate Migration-Mobilit\u00e9 2020, nccr &#8211; on the move<\/p>\n<p><strong>Note sur la m\u00e9thodologie<\/strong> : Ces chiffres sont issus de l\u2019enqu\u00eate Migration-Mobilit\u00e9, men\u00e9e en automne 2020 aupr\u00e8s d\u2019une population de personnes n\u00e9es \u00e0 l\u2019\u00e9tranger et de nationalit\u00e9 \u00e9trang\u00e8re ayant d\u00e9m\u00e9nag\u00e9 en Suisse au cours des 14 derni\u00e8res ann\u00e9es. Pour faire partie de l&#8217;\u00e9chantillon de population, les personnes interrog\u00e9es devaient \u00eatre \u00e2g\u00e9es de 24 \u00e0 64 ans au moment de l&#8217;enqu\u00eate, et avoir au moins 18 ans \u00e0 leur arriv\u00e9e en Suisse. 7\u2019393 personnes ont r\u00e9pondu\u00a0<span lang=\"FR-CH\">int\u00e9gralement\u00a0<\/span>au questionnaire complet, soit en ligne, soit par t\u00e9l\u00e9phone.<\/p>\n<p><strong>La question pos\u00e9e :\u00a0<\/strong>Avez-vous subi un traitement discriminatoire ou injuste en raison de votre nationalit\u00e9 en rapport avec l&#8217;\u00e9pid\u00e9mie de Covid-19 ?<br \/>\n\u2013 Oui<br \/>\n\u2013 Non<\/p>\n<p><strong>Note <\/strong>:\u00a0<span lang=\"FR-CH\">Le \u201cpays d\u2019origine\u201d \u00e9tait celui d\u00e9clar\u00e9 par les r\u00e9pondant\u00b7e\u00b7s. Dans la plupart des cas, il s\u2019agissait du m\u00eame pays que celui de leur nationalit\u00e9 ou de l\u2019une de leurs nationalit\u00e9s.<\/span><\/p>\n<p><strong>Conditions g\u00e9n\u00e9rales d\u2019utilisation<\/strong> : Les \u00ab Migration-Mobility Indicators \u00bb sont disponibles gratuitement pour une utilisation non commerciale. Nous prions les utilisatrices et utilisateurs de mentionner la source.<\/p>\n<p><strong>R\u00e9f\u00e9rence propos\u00e9e<\/strong> : nccr \u2013 on the move, Migration-Mobility Indicators. Neuch\u00e2tel: nccr \u2013 on the move, 2022.<\/p>\n<p>Pour plus d\u2019informations sur les fichiers de donn\u00e9es utilis\u00e9es, veuillez cliquer <a title=\"https:\/\/nccr-onthemove.ch\/DataManagement\/Inventory.pdf\" href=\"https:\/\/nccr-onthemove.ch\/DataManagement\/Inventory.pdf\" target=\"_blank\" rel=\"noopener\">ici<\/a>.<\/p>\n<p><strong>Derni\u00e8re mise \u00e0 jour <\/strong>: 6 janvier 2022<\/p>\n","protected":false},"excerpt":{"rendered":"<p>96 % des personnes migrantes interrog\u00e9es estiment qu\u2019elles n\u2019ont pas subi de traitement discriminatoire ou injuste en raison de leur nationalit\u00e9. Seuls 4 % d\u00e9clarent avoir subi un tel traitement. Il est int\u00e9ressant de noter que les personnes d\u2019origine asiatique (15% des 253) d\u00e9clarent avoir subi proportionnellement plus de traitements<\/p>\n","protected":false},"author":16,"featured_media":0,"comment_status":"open","ping_status":"closed","sticky":false,"template":"","format":"standard","meta":{"_acf_changed":false,"footnotes":""},"categories":[392],"tags":[],"class_list":["post-6130","post","type-post","status-publish","format-standard","hentry","category-covid-19"],"acf":[],"aioseo_notices":[],"_links":{"self":[{"href":"https:\/\/nccr-onthemove.ch\/indicators\/wp-json\/wp\/v2\/posts\/6130","targetHints":{"allow":["GET"]}}],"collection":[{"href":"https:\/\/nccr-onthemove.ch\/indicators\/wp-json\/wp\/v2\/posts"}],"about":[{"href":"https:\/\/nccr-onthemove.ch\/indicators\/wp-json\/wp\/v2\/types\/post"}],"author":[{"embeddable":true,"href":"https:\/\/nccr-onthemove.ch\/indicators\/wp-json\/wp\/v2\/users\/16"}],"replies":[{"embeddable":true,"href":"https:\/\/nccr-onthemove.ch\/indicators\/wp-json\/wp\/v2\/comments?post=6130"}],"version-history":[{"count":13,"href":"https:\/\/nccr-onthemove.ch\/indicators\/wp-json\/wp\/v2\/posts\/6130\/revisions"}],"predecessor-version":[{"id":7065,"href":"https:\/\/nccr-onthemove.ch\/indicators\/wp-json\/wp\/v2\/posts\/6130\/revisions\/7065"}],"wp:attachment":[{"href":"https:\/\/nccr-onthemove.ch\/indicators\/wp-json\/wp\/v2\/media?parent=6130"}],"wp:term":[{"taxonomy":"category","embeddable":true,"href":"https:\/\/nccr-onthemove.ch\/indicators\/wp-json\/wp\/v2\/categories?post=6130"},{"taxonomy":"post_tag","embeddable":true,"href":"https:\/\/nccr-onthemove.ch\/indicators\/wp-json\/wp\/v2\/tags?post=6130"}],"curies":[{"name":"wp","href":"https:\/\/api.w.org\/{rel}","templated":true}]}}